{"id":293,"date":"2018-07-12T11:17:43","date_gmt":"2018-07-12T11:17:43","guid":{"rendered":"https:\/\/gesducon.es\/?p=293"},"modified":"2018-07-12T11:34:46","modified_gmt":"2018-07-12T11:34:46","slug":"cuales-son-los-datos-de-caracter-personal-que-el-reglamento-de-proteccion-de-datos-nos-obliga-a-dar-un-tratamiento-privado-en-los-centros-de-trabajo","status":"publish","type":"post","link":"https:\/\/gesducon.es\/index.php\/2018\/07\/12\/cuales-son-los-datos-de-caracter-personal-que-el-reglamento-de-proteccion-de-datos-nos-obliga-a-dar-un-tratamiento-privado-en-los-centros-de-trabajo\/","title":{"rendered":"\u00bfCuales son los datos de car\u00e1cter personal que el Reglamento de Protecci\u00f3n de Datos nos obliga a dar un tratamiento privado en los centros de trabajo?"},"content":{"rendered":"<p>Un dato de car\u00e1cter personal es <strong>cualquier dato o informaci\u00f3n<\/strong> num\u00e9rica, alfab\u00e9tica, fotogr\u00e1fica, ac\u00fastica o de cualquier otro tipo de soporte o formato, relativo a cualquier persona f\u00edsica,<strong> bien est\u00e9 identificada o pueda ser identificable<\/strong>, y que abarque tanto la informaci\u00f3n <strong>relativa a su identidad<\/strong> (como nombre y apellidos, domicilio, filiaci\u00f3n, una fotograf\u00eda o video, etc&#8230;) como la <strong>relativa a su existencia y ocupaciones<\/strong> (estudios, trabajo, enfermedades, etc.)<\/p>\n<h3>Son datos personales<\/h3>\n<p>Son m\u00faltiples los ejemplos de datos de car\u00e1cter personal que una empresa, instituci\u00f3n, agente puede recabar a trav\u00e9s de aplicaciones m\u00f3viles, cuestionarios, correo electr\u00f3nico, tel\u00e9fono, etc.<\/p>\n<p>Son datos como nombres y apellidos, edad, g\u00e9nero, idioma, direcciones postales, cuentas de correo electr\u00f3nico, DNI, altas y bajas m\u00e9dicas, informaci\u00f3n financiera o fiscal, o afiliaci\u00f3n pol\u00edtica, propiedades, vivienda.<\/p>\n<p>S\u00ed. Todos estos \u2014y muchos mas\u2014, son datos a los que tu empresa debe dar un tratamiento legal. Si tienes dudas de c\u00f3mo dar cumplimiento legal al recabado, almacenado, transporte o destrucci\u00f3n de este tipo de informaci\u00f3n desde Gesducon te asesoramos sin ning\u00fan tipo de compromiso.<\/p>\n<h3>No son datos personales<\/h3>\n<p>En cambio no son datos personales los relativos a una persona jur\u00eddica (domicilio, denominaci\u00f3n social, CIF, etc.). Esta informaci\u00f3n no tiene la consideraci\u00f3n de datos de car\u00e1cter personal, por lo tanto, no le ser\u00e1 de aplicaci\u00f3n el Reglamento de Protecci\u00f3n de Datos.<\/p>\n<h3>Datos que recogen las redes sociales y plataformas tecnol\u00f3gicas<\/h3>\n<p>Una mala praxis es la que a d\u00eda de hoy est\u00e1n realizando las plataformas tecnol\u00f3gicas (Apple, Amazon, Google) y sobre todo las redes sociales (Facebook, Whatsapp, Twitter, Instagram\u2026) que a costa de recabar \u2014legal e ilegalmente\u2014, datos de sus usuarios hacen negocio vendiendo informaci\u00f3n a terceros.<\/p>\n<ul>\n<li>Locaci\u00f3n<\/li>\n<li>Edad<\/li>\n<li>Generaci\u00f3n<\/li>\n<li>G\u00e9nero<\/li>\n<li>Idioma<\/li>\n<li>Nivel educativo<\/li>\n<li>\u00c1rea de estudios<\/li>\n<li>Colegio<\/li>\n<li>Afinidad \u00e9tnica<\/li>\n<li>Renta y patrimonio<\/li>\n<li>Propiedad y tipo de vivienda<\/li>\n<li>Valor de la vivienda<\/li>\n<li>Tama\u00f1o de la vivienda<\/li>\n<li>Metros cuadrados de la vivienda<\/li>\n<li>A\u00f1o en que la vivienda fue construida<\/li>\n<\/ul>\n<p>\u00bfTe parece mucha informaci\u00f3n sobre t\u00ed en caso de que estuviera en poder de una empresa? Pues no dejes de leer este art\u00edculo sobre\u00a0<a href=\"http:\/\/www.ticbeat.com\/socialmedia\/estos-son-los-98-datos-que-facebook-sabe-sobre-ti\/\" target=\"_blank\" rel=\"noopener\">los 98 datos que Facebook sabe sobre ti<\/a>.<\/p>\n<p><img loading=\"lazy\" decoding=\"async\" class=\"aligncenter size-medium wp-image-297\" src=\"https:\/\/gesducon.es\/wp-content\/uploads\/2018\/07\/twitter-292988_1920-300x200.jpg\" alt=\"\" width=\"300\" height=\"200\" srcset=\"https:\/\/gesducon.es\/wp-content\/uploads\/2018\/07\/twitter-292988_1920-300x200.jpg 300w, https:\/\/gesducon.es\/wp-content\/uploads\/2018\/07\/twitter-292988_1920-768x512.jpg 768w, https:\/\/gesducon.es\/wp-content\/uploads\/2018\/07\/twitter-292988_1920-1024x683.jpg 1024w, https:\/\/gesducon.es\/wp-content\/uploads\/2018\/07\/twitter-292988_1920-90x60.jpg 90w, https:\/\/gesducon.es\/wp-content\/uploads\/2018\/07\/twitter-292988_1920.jpg 1920w\" sizes=\"(max-width: 300px) 100vw, 300px\" \/><\/p>\n","protected":false},"excerpt":{"rendered":"<p>Un dato de car\u00e1cter personal es cualquier dato o informaci\u00f3n num\u00e9rica, alfab\u00e9tica, fotogr\u00e1fica, ac\u00fastica o de cualquier otro tipo de soporte o formato, relativo a cualquier persona f\u00edsica, bien est\u00e9 identificada o pueda ser identificable, y que abarque tanto la informaci\u00f3n relativa a su identidad (como nombre y apellidos, domicilio, filiaci\u00f3n, una fotograf\u00eda o video, &hellip; <\/p>\n","protected":false},"author":1,"featured_media":294,"comment_status":"closed","ping_status":"closed","sticky":false,"template":"","format":"standard","meta":{"jetpack_post_was_ever_published":false,"_jetpack_newsletter_access":"","_jetpack_dont_email_post_to_subs":false,"_jetpack_newsletter_tier_id":0,"footnotes":"","jetpack_publicize_message":"","jetpack_publicize_feature_enabled":true,"jetpack_social_post_already_shared":true,"jetpack_social_options":{"image_generator_settings":{"template":"highway","enabled":false}}},"categories":[1],"tags":[],"jetpack_publicize_connections":[],"jetpack_featured_media_url":"https:\/\/gesducon.es\/wp-content\/uploads\/2018\/07\/key-2114046_1920.jpg","jetpack_sharing_enabled":true,"jetpack_shortlink":"https:\/\/wp.me\/pa393r-4J","_links":{"self":[{"href":"https:\/\/gesducon.es\/index.php\/wp-json\/wp\/v2\/posts\/293"}],"collection":[{"href":"https:\/\/gesducon.es\/index.php\/wp-json\/wp\/v2\/posts"}],"about":[{"href":"https:\/\/gesducon.es\/index.php\/wp-json\/wp\/v2\/types\/post"}],"author":[{"embeddable":true,"href":"https:\/\/gesducon.es\/index.php\/wp-json\/wp\/v2\/users\/1"}],"replies":[{"embeddable":true,"href":"https:\/\/gesducon.es\/index.php\/wp-json\/wp\/v2\/comments?post=293"}],"version-history":[{"count":3,"href":"https:\/\/gesducon.es\/index.php\/wp-json\/wp\/v2\/posts\/293\/revisions"}],"predecessor-version":[{"id":298,"href":"https:\/\/gesducon.es\/index.php\/wp-json\/wp\/v2\/posts\/293\/revisions\/298"}],"wp:featuredmedia":[{"embeddable":true,"href":"https:\/\/gesducon.es\/index.php\/wp-json\/wp\/v2\/media\/294"}],"wp:attachment":[{"href":"https:\/\/gesducon.es\/index.php\/wp-json\/wp\/v2\/media?parent=293"}],"wp:term":[{"taxonomy":"category","embeddable":true,"href":"https:\/\/gesducon.es\/index.php\/wp-json\/wp\/v2\/categories?post=293"},{"taxonomy":"post_tag","embeddable":true,"href":"https:\/\/gesducon.es\/index.php\/wp-json\/wp\/v2\/tags?post=293"}],"curies":[{"name":"wp","href":"https:\/\/api.w.org\/{rel}","templated":true}]}}